{"id":1790,"date":"2026-09-02T12:54:09","date_gmt":"2026-09-02T10:54:09","guid":{"rendered":"https:\/\/www.mezzogiorno.fr\/?p=1790"},"modified":"2026-09-02T13:29:52","modified_gmt":"2026-09-02T11:29:52","slug":"je-suis-circonflexe-et-perplexe","status":"publish","type":"post","link":"https:\/\/www.mezzogiorno.fr\/?p=1790","title":{"rendered":"Je suis circonflexe et perplexe."},"content":{"rendered":"\n<p>Rentr\u00e9e faite, se pose \u00e0 nouveau la question de la r\u00e9forme de la langue fran\u00e7aise. Cette fois, mais ce n&rsquo;est pas la premi\u00e8re, ce sont les participes pass\u00e9s qui sont dans le colimateur des r\u00e9formistes de tous bords. <\/p>\n\n\n\n<p>Mais voyons, voyons &#8230;<\/p>\n\n\n\n<p>Depuis quelques ann\u00e9es, la r\u00e9forme de l\u2019orthographe  suscite une lev\u00e9e de boucliers chaque fois qu&rsquo;elle pointe le bout de son nez. C&rsquo;est l\u00e0 affaire de soubresauts : on en parle et puis on en parle plus, on en reparle etc&#8230; <\/p>\n\n\n\n<p>F\u00e9d\u00e9r\u00e9s autour du hashtag&nbsp;<em><strong>#jesuiscirconflexe<\/strong><\/em>, les opposants \u00e0 la r\u00e9forme  ne se comptent pourtant pas que parmi les \u00e9lites comme on pourrait le croire forts de nos \u00e0 priori. <\/p>\n\n\n\n<p>Retour sur une pol\u00e9mique devenue sociologique.<\/p>\n\n\n\n<p><strong>Appliqu\u00e9e dans les manuels scolaires \u00e0 partir de la rentr\u00e9e 2016,<\/strong>&nbsp;la r\u00e9forme qui vise \u00e0 \u00ab\u202fsimplifier\u202f\u00bb l\u2019orthographe et \u00e0 supprimer des \u00ab\u202fanomalies\u202f\u00bb de la langue : accents, traits d\u2019union etc ( Au total, 2&nbsp;400\u202fmots modifi\u00e9s sur pr\u00e8s de 100&nbsp;000) \u202fa cr\u00e9\u00e9 une contestation si forte que m\u00eame l\u2019Acad\u00e9mie fran\u00e7aise s\u2019y est ralli\u00e9e\u2026 alors qu\u2019elle avait approuv\u00e9 la r\u00e9forme en 1990.<\/p>\n\n\n\n<p>Si l\u2019on peut reconna\u00eetre que \u00ab\u202fognon\u202f\u00bb semble plus intuitif que \u00ab\u202foignon\u202f\u00bb, pourquoi cette orthographe para\u00eet-elle si scandaleuse\u2009? Pourquoi ce \u00ab\u202fi\u202f\u00bb, au m\u00eame titre que l\u2019accent circonflexe ou encore le tr\u00e9ma, d\u00e9cha\u00eenent-ils les passions\u2009?<\/p>\n\n\n\n<p><strong>Il y a un peu plus de quarante&nbsp;ans, Pierre Bourdieu, le sociologue,  s\u2019interrogeait d\u00e9j\u00e0 sur les querelles li\u00e9es \u00e0 l\u2019\u00e9volution de la langue fran\u00e7aise.<\/strong>&nbsp;Pour lui, l\u2019orthographe est un avatar de la distinction sociale\u2009: fruit d\u2019un processus d\u2019apprentissage commun, elle constitue le patrimoine symbolique des \u00e9lites \u00e9rudites, menac\u00e9es par une r\u00e9forme per\u00e7ue comme d\u00e9valorisante. En 1977, \u00e0 propos de la crise de l\u2019enseignement, il d\u00e9crit les professeurs en ces termes\u2009:&nbsp;<em>\u00ab\u202f<\/em><strong><em>Ils sont pr\u00eats \u00e0 mourir pour le fran\u00e7ais\u2026 ou pour l\u2019orthographe\u2009!\u202f\u00bb&nbsp;(Questions de sociologie).<\/em><\/strong> Or, leur contestation repose sur un motif fallacieux, remarque le sociologue, car ils contestent le changement d\u2019un ordre qu\u2019ils jugent naturel, alors qu\u2019il n\u2019est qu\u2019arbitrairement pr\u00e9\u00e9tabli\u2009:&nbsp;<em>\u00ab\u202f<\/em><strong><em>Pour ceux qui poss\u00e8dent l\u2019orthographe au point d\u2019en \u00eatre poss\u00e9d\u00e9s, le \u201cph\u201d parfaitement arbitraire de n\u00e9nuphar est devenu si \u00e9videmment indissociable de la fleur qu\u2019ils peuvent invoquer, en toute bonne foi, la nature et le naturel pour d\u00e9noncer une intervention de l\u2019\u00c9tat destin\u00e9e \u00e0 r\u00e9duire l\u2019arbitraire d\u2019une orthographe qui est de toute \u00e9vidence le produit d\u2019une intervention arbitraire de l\u2019\u00c9tat\u202f\u00bb&nbsp;(Raisons pratique. Sur la th\u00e9orie de l\u2019action, 1994).<\/em><\/strong><\/p>\n\n\n\n<p>Fanatisme du corps enseignant dont j&rsquo;\u00e9tais ? <\/p>\n\n\n\n<p>Que nenni. <strong>Aujourd\u2019hui, les \u00e9lites ne sont plus les seules \u00e0 \u00eatre envo\u00fbt\u00e9es par la \u00ab\u202ftromperie du N\u00e9nuphar\u202f\u00bb<\/strong>, Bourdieu a tout faux. <\/p>\n\n\n\n<p>Le rejet est en effet massif\u2009: selon un sondage Ifop r\u00e9alis\u00e9 pour le site d\u2019information en ligne&nbsp;<em>Atlantico<\/em>&nbsp;en f\u00e9vrier dernier, 80\u202f% des Fran\u00e7ais d\u00e9sapprouvent cette r\u00e9forme, et<strong><em> ceux qui la contestent le plus fortement sont les moins dipl\u00f4m\u00e9s.<\/em><\/strong> La volont\u00e9 de d\u00e9fendre l\u2019orthographe semble transcender l\u2019\u00e9ducation et les classes sociales.<\/p>\n\n\n\n<p>Contrairement \u00e0 la th\u00e9orie bourdieusienne, la d\u00e9fense de l\u2019orthographe ne semble donc plus \u00eatre l\u2019apanage des \u00e9lites\u2009: c\u2019est m\u00eame plut\u00f4t l\u2019inverse. La masse refuse la massification du patrimoine culturel. ( Vous suivez ? ) <\/p>\n\n\n\n<p>Comme quoi on peut ramer pour \u00e9crire correctement en fran\u00e7ais mais n\u00e9anmoins \u00eatre attach\u00e9 \u00e0 ses difficult\u00e9s.<\/p>\n\n\n\n<p>C&rsquo;est comme aimer quelqu&rsquo;un qui nous ferait du mal. <\/p>\n\n\n\n<p>Je comprends de moins en moins le monde, il est temps d&rsquo;hiverner.<\/p>\n\n\n\n<p><\/p>\n","protected":false},"excerpt":{"rendered":"<p>Rentr\u00e9e faite, se pose \u00e0 nouveau la question de la r\u00e9forme de la langue fran\u00e7aise. Cette fois, mais ce n&rsquo;est pas la premi\u00e8re, ce sont les participes pass\u00e9s qui sont dans le colimateur des r\u00e9formistes de tous bords. Mais voyons, voyons &#8230; Depuis quelques ann\u00e9es, la r\u00e9forme de l\u2019orthographe suscite une lev\u00e9e de boucliers chaque [&hellip;]<\/p>\n","protected":false},"author":1,"featured_media":1792,"comment_status":"closed","ping_status":"open","sticky":false,"template":"","format":"standard","meta":{"_jetpack_newsletter_access":"","_jetpack_dont_email_post_to_subs":false,"_jetpack_newsletter_tier_id":0,"_jetpack_memberships_contains_paywalled_content":false,"_jetpack_memberships_contains_paid_content":false,"footnotes":"","jetpack_post_was_ever_published":false},"categories":[1],"tags":[],"class_list":["post-1790","post","type-post","status-publish","format-standard","has-post-thumbnail","hentry","category-non-classe"],"jetpack_featured_media_url":"https:\/\/www.mezzogiorno.fr\/wp-content\/uploads\/2026\/09\/orthographe.webp","jetpack_sharing_enabled":true,"jetpack_likes_enabled":true,"_links":{"self":[{"href":"https:\/\/www.mezzogiorno.fr\/index.php?rest_route=\/wp\/v2\/posts\/1790","targetHints":{"allow":["GET"]}}],"collection":[{"href":"https:\/\/www.mezzogiorno.fr\/index.php?rest_route=\/wp\/v2\/posts"}],"about":[{"href":"https:\/\/www.mezzogiorno.fr\/index.php?rest_route=\/wp\/v2\/types\/post"}],"author":[{"embeddable":true,"href":"https:\/\/www.mezzogiorno.fr\/index.php?rest_route=\/wp\/v2\/users\/1"}],"replies":[{"embeddable":true,"href":"https:\/\/www.mezzogiorno.fr\/index.php?rest_route=%2Fwp%2Fv2%2Fcomments&post=1790"}],"version-history":[{"count":5,"href":"https:\/\/www.mezzogiorno.fr\/index.php?rest_route=\/wp\/v2\/posts\/1790\/revisions"}],"predecessor-version":[{"id":1797,"href":"https:\/\/www.mezzogiorno.fr\/index.php?rest_route=\/wp\/v2\/posts\/1790\/revisions\/1797"}],"wp:featuredmedia":[{"embeddable":true,"href":"https:\/\/www.mezzogiorno.fr\/index.php?rest_route=\/wp\/v2\/media\/1792"}],"wp:attachment":[{"href":"https:\/\/www.mezzogiorno.fr\/index.php?rest_route=%2Fwp%2Fv2%2Fmedia&parent=1790"}],"wp:term":[{"taxonomy":"category","embeddable":true,"href":"https:\/\/www.mezzogiorno.fr\/index.php?rest_route=%2Fwp%2Fv2%2Fcategories&post=1790"},{"taxonomy":"post_tag","embeddable":true,"href":"https:\/\/www.mezzogiorno.fr\/index.php?rest_route=%2Fwp%2Fv2%2Ftags&post=1790"}],"curies":[{"name":"wp","href":"https:\/\/api.w.org\/{rel}","templated":true}]}}