{"id":1757,"date":"2026-08-30T21:59:49","date_gmt":"2026-08-30T19:59:49","guid":{"rendered":"https:\/\/www.mezzogiorno.fr\/?p=1757"},"modified":"2026-08-30T21:59:49","modified_gmt":"2026-08-30T19:59:49","slug":"esthetique-versus-symbole","status":"publish","type":"post","link":"https:\/\/www.mezzogiorno.fr\/?p=1757","title":{"rendered":"Esth\u00e9tique versus symbole"},"content":{"rendered":"\n<p>Quand le bijou s\u2019affranchit du sacr\u00e9.<\/p>\n\n\n\n<p>Il y a des objets qui portent en eux des si\u00e8cles d\u2019histoire, de sens et de symbolisme. La croix en fait incontestablement partie. Pourtant, dans le vestiaire contemporain, elle s&rsquo;offre une toute autre vie. Aujourd&rsquo;hui, j\u2019avais envie de vous parler de ce choix stylistique : <strong>porter une croix sans que ce soit le signe de quoi que ce soit<\/strong>, si ce n&rsquo;est d&rsquo;un amour pour le beau et le design.<\/p>\n\n\n\n<p>Se r\u00e9approprier ce motif, c&rsquo;est l&rsquo;extraire de sa fonction premi\u00e8re pour n&rsquo;en garder que la force graphique et l&rsquo;\u00e9l\u00e9gance intemporelle.<\/p>\n\n\n\n<p>La force graphique de l&rsquo;or sur le noir<\/p>\n\n\n\n<p>Sur cette photo, le d\u00e9cor est pos\u00e9 par une chemise noire fluide au fini subtilement satin\u00e9. C&rsquo;est l&rsquo;\u00e9crin id\u00e9al, une toile de fond sombre et minimaliste qui appelle la lumi\u00e8re.<\/p>\n\n\n\n<p>C&rsquo;est l\u00e0 que le bijou entre en sc\u00e8ne. Suspendue \u00e0 un cordon noir tout simple, cette croix dor\u00e9e textur\u00e9e, orn\u00e9e de petits \u00e9clats lumineux, vient habiller le d\u00e9collet\u00e9. Visuellement, ses lignes g\u00e9om\u00e9triques et perpendiculaires apportent une structure imm\u00e9diate \u00e0 la silhouette. L&rsquo;accord avec les cr\u00e9oles en or cr\u00e9e une harmonie lumineuse et chaleureuse qui r\u00e9veille instantan\u00e9ment le teint.<\/p>\n\n\n\n<p>Le bijou comme pure expression de style<\/p>\n\n\n\n<p>Porter ce motif aujourd&rsquo;hui, c&rsquo;est jouer avec les codes de la mode. On s&rsquo;inscrit dans une longue lign\u00e9e esth\u00e9tique \u2014 de la haute couture italienne aux inspirations baroques \u2014 qui aime le relief, l&rsquo;opulence de l&rsquo;or martel\u00e9 et le romantisme des formes anciennes.<\/p>\n\n\n\n<p>Le bijou n\u2019est plus un manifeste ou une revendication ; il devient un talisman purement esth\u00e9tique. On le choisit pour sa patine qui accroche la lumi\u00e8re, le travail de la mati\u00e8re qui apporte du caract\u00e8re \u00e0 une tenue simple, ce petit suppl\u00e9ment d&rsquo;\u00e2me r\u00e9tro qui donne une personnalit\u00e9 au look. <\/p>\n\n\n\n<p>D\u00e9tourner les objets, s&rsquo;amuser avec leurs formes sans s&rsquo;encombrer de leur poids, c&rsquo;est aussi cela, la libert\u00e9 de s&rsquo;habiller.<\/p>\n","protected":false},"excerpt":{"rendered":"<p>Quand le bijou s\u2019affranchit du sacr\u00e9. Il y a des objets qui portent en eux des si\u00e8cles d\u2019histoire, de sens et de symbolisme. La croix en fait incontestablement partie. Pourtant, dans le vestiaire contemporain, elle s&rsquo;offre une toute autre vie. Aujourd&rsquo;hui, j\u2019avais envie de vous parler de ce choix stylistique : porter une croix sans [&hellip;]<\/p>\n","protected":false},"author":1,"featured_media":1758,"comment_status":"closed","ping_status":"open","sticky":false,"template":"","format":"standard","meta":{"_jetpack_newsletter_access":"","_jetpack_dont_email_post_to_subs":false,"_jetpack_newsletter_tier_id":0,"_jetpack_memberships_contains_paywalled_content":false,"_jetpack_memberships_contains_paid_content":false,"footnotes":"","jetpack_post_was_ever_published":false},"categories":[1],"tags":[],"class_list":["post-1757","post","type-post","status-publish","format-standard","has-post-thumbnail","hentry","category-non-classe"],"jetpack_featured_media_url":"https:\/\/www.mezzogiorno.fr\/wp-content\/uploads\/2026\/08\/G6A6710.jpg","jetpack_sharing_enabled":true,"jetpack_likes_enabled":true,"_links":{"self":[{"href":"https:\/\/www.mezzogiorno.fr\/index.php?rest_route=\/wp\/v2\/posts\/1757","targetHints":{"allow":["GET"]}}],"collection":[{"href":"https:\/\/www.mezzogiorno.fr\/index.php?rest_route=\/wp\/v2\/posts"}],"about":[{"href":"https:\/\/www.mezzogiorno.fr\/index.php?rest_route=\/wp\/v2\/types\/post"}],"author":[{"embeddable":true,"href":"https:\/\/www.mezzogiorno.fr\/index.php?rest_route=\/wp\/v2\/users\/1"}],"replies":[{"embeddable":true,"href":"https:\/\/www.mezzogiorno.fr\/index.php?rest_route=%2Fwp%2Fv2%2Fcomments&post=1757"}],"version-history":[{"count":3,"href":"https:\/\/www.mezzogiorno.fr\/index.php?rest_route=\/wp\/v2\/posts\/1757\/revisions"}],"predecessor-version":[{"id":1787,"href":"https:\/\/www.mezzogiorno.fr\/index.php?rest_route=\/wp\/v2\/posts\/1757\/revisions\/1787"}],"wp:featuredmedia":[{"embeddable":true,"href":"https:\/\/www.mezzogiorno.fr\/index.php?rest_route=\/wp\/v2\/media\/1758"}],"wp:attachment":[{"href":"https:\/\/www.mezzogiorno.fr\/index.php?rest_route=%2Fwp%2Fv2%2Fmedia&parent=1757"}],"wp:term":[{"taxonomy":"category","embeddable":true,"href":"https:\/\/www.mezzogiorno.fr\/index.php?rest_route=%2Fwp%2Fv2%2Fcategories&post=1757"},{"taxonomy":"post_tag","embeddable":true,"href":"https:\/\/www.mezzogiorno.fr\/index.php?rest_route=%2Fwp%2Fv2%2Ftags&post=1757"}],"curies":[{"name":"wp","href":"https:\/\/api.w.org\/{rel}","templated":true}]}}