{"id":1509,"date":"2026-05-01T07:29:46","date_gmt":"2026-05-01T05:29:46","guid":{"rendered":"https:\/\/www.mezzogiorno.fr\/?p=1509"},"modified":"2026-05-01T13:06:29","modified_gmt":"2026-05-01T11:06:29","slug":"defendons-le-droit-a-la-paresse","status":"publish","type":"post","link":"https:\/\/www.mezzogiorno.fr\/?p=1509","title":{"rendered":"D\u00e9fendons le droit \u00e0 la paresse !"},"content":{"rendered":"\n<p><strong><em>Le dur d\u00e9sir d&rsquo;\u00eatre inutile !<\/em><\/strong> ( 1 minute de lecture seulement)<\/p>\n\n\n\n<p><strong>Il y a cent trente et un&nbsp;ans, le mouvement ouvrier et socialiste d\u00e9cidait de faire du 1er mai 1890 une journ\u00e9e mondiale de revendication.<\/strong>&nbsp;Tr\u00e8s vite, les manifestations sont devenues f\u00eates. Mais que f\u00eate-t-on au juste&nbsp;? On parle de \u00ab&nbsp;f\u00eate du travail&nbsp;\u00bb, mais on ne c\u00e9l\u00e8bre pas tant le travail que sa r\u00e9duction.&nbsp;<strong>Le 1<sup>er<\/sup>&nbsp;mai, c\u2019est la f\u00eate des travailleurs qui ralentissent enfin.&nbsp;<\/strong>Une nuance qui signale le rapport complexe qu\u2019entretient la gauche au travail. Pour Karl Marx le travail capitaliste est ali\u00e9nant, mais il reste une cat\u00e9gorie fondamentale de la vie, le processus par lequel l\u2019homme transforme la nature et se modifie lui-m\u00eame. En revanche pour son gendre Paul Lafargue , tout travail au-del\u00e0 du strict n\u00e9cessaire est une folie, et il faut imaginer un <strong><em>DROIT A LA PARESSE<\/em><\/strong> (On imagine les r\u00e9unions de famille !)<\/p>\n\n\n\n<p>C&rsquo;est \u00e0 dire ? <\/p>\n\n\n\n<p><em>\u201cUne \u00e9trange folie poss\u00e8de les classes ouvri\u00e8res des nations o\u00f9 r\u00e8gne la civilisation capitaliste. Cette folie tra\u00eene \u00e0 sa suite des mis\u00e8res individuelles et sociales qui, depuis deux si\u00e8cles, torturent la triste humanit\u00e9. Cette folie est l\u2019amour du travail, la passion moribonde du travail, pouss\u00e9e jusqu\u2019\u00e0 l\u2019\u00e9puisement des forces vitales de l\u2019individu et de sa prog\u00e9niture<\/em>.\u201d<\/p>\n\n\n\n<p>D\u00e9non\u00e7ant un illusoire droit au travail qui n\u2019est pour lui que droit \u00e0 la mis\u00e8re, Lafargue soutient qu\u2019une activit\u00e9 proprement humaine ne peut avoir lieu que dans l\u2019oisivet\u00e9, hors du circuit infernal de la production et de la consommation.<\/p>\n\n\n\n<p>Et m\u00eame il va encore plus loin :<\/p>\n\n\n\n<figure class=\"wp-block-image size-full\"><img fetchpriority=\"high\" decoding=\"async\" width=\"1080\" height=\"1350\" src=\"https:\/\/www.mezzogiorno.fr\/wp-content\/uploads\/2026\/05\/FB_IMG_1777633492612.jpg\" alt=\"\" class=\"wp-image-1516\" srcset=\"https:\/\/www.mezzogiorno.fr\/wp-content\/uploads\/2026\/05\/FB_IMG_1777633492612.jpg 1080w, https:\/\/www.mezzogiorno.fr\/wp-content\/uploads\/2026\/05\/FB_IMG_1777633492612-240x300.jpg 240w, https:\/\/www.mezzogiorno.fr\/wp-content\/uploads\/2026\/05\/FB_IMG_1777633492612-819x1024.jpg 819w, https:\/\/www.mezzogiorno.fr\/wp-content\/uploads\/2026\/05\/FB_IMG_1777633492612-768x960.jpg 768w\" sizes=\"(max-width: 1080px) 100vw, 1080px\" \/><\/figure>\n\n\n\n<p>                                                                      \ud83d\ude42<\/p>\n","protected":false},"excerpt":{"rendered":"<p>Le dur d\u00e9sir d&rsquo;\u00eatre inutile ! ( 1 minute de lecture seulement) Il y a cent trente et un&nbsp;ans, le mouvement ouvrier et socialiste d\u00e9cidait de faire du 1er mai 1890 une journ\u00e9e mondiale de revendication.&nbsp;Tr\u00e8s vite, les manifestations sont devenues f\u00eates. Mais que f\u00eate-t-on au juste&nbsp;? On parle de \u00ab&nbsp;f\u00eate du travail&nbsp;\u00bb, mais on [&hellip;]<\/p>\n","protected":false},"author":1,"featured_media":1508,"comment_status":"closed","ping_status":"open","sticky":false,"template":"","format":"standard","meta":{"jetpack_post_was_ever_published":false,"_jetpack_newsletter_access":"","_jetpack_dont_email_post_to_subs":false,"_jetpack_newsletter_tier_id":0,"_jetpack_memberships_contains_paywalled_content":false,"_jetpack_memberships_contains_paid_content":false,"footnotes":""},"categories":[1],"tags":[],"class_list":["post-1509","post","type-post","status-publish","format-standard","has-post-thumbnail","hentry","category-non-classe"],"jetpack_featured_media_url":"https:\/\/www.mezzogiorno.fr\/wp-content\/uploads\/2026\/04\/01726d04d48e94e88167c90782e64a8b.jpg","jetpack_sharing_enabled":true,"jetpack_likes_enabled":true,"_links":{"self":[{"href":"https:\/\/www.mezzogiorno.fr\/index.php?rest_route=\/wp\/v2\/posts\/1509","targetHints":{"allow":["GET"]}}],"collection":[{"href":"https:\/\/www.mezzogiorno.fr\/index.php?rest_route=\/wp\/v2\/posts"}],"about":[{"href":"https:\/\/www.mezzogiorno.fr\/index.php?rest_route=\/wp\/v2\/types\/post"}],"author":[{"embeddable":true,"href":"https:\/\/www.mezzogiorno.fr\/index.php?rest_route=\/wp\/v2\/users\/1"}],"replies":[{"embeddable":true,"href":"https:\/\/www.mezzogiorno.fr\/index.php?rest_route=%2Fwp%2Fv2%2Fcomments&post=1509"}],"version-history":[{"count":5,"href":"https:\/\/www.mezzogiorno.fr\/index.php?rest_route=\/wp\/v2\/posts\/1509\/revisions"}],"predecessor-version":[{"id":1517,"href":"https:\/\/www.mezzogiorno.fr\/index.php?rest_route=\/wp\/v2\/posts\/1509\/revisions\/1517"}],"wp:featuredmedia":[{"embeddable":true,"href":"https:\/\/www.mezzogiorno.fr\/index.php?rest_route=\/wp\/v2\/media\/1508"}],"wp:attachment":[{"href":"https:\/\/www.mezzogiorno.fr\/index.php?rest_route=%2Fwp%2Fv2%2Fmedia&parent=1509"}],"wp:term":[{"taxonomy":"category","embeddable":true,"href":"https:\/\/www.mezzogiorno.fr\/index.php?rest_route=%2Fwp%2Fv2%2Fcategories&post=1509"},{"taxonomy":"post_tag","embeddable":true,"href":"https:\/\/www.mezzogiorno.fr\/index.php?rest_route=%2Fwp%2Fv2%2Ftags&post=1509"}],"curies":[{"name":"wp","href":"https:\/\/api.w.org\/{rel}","templated":true}]}}